{"@context":"https:\/\/schema.org\/","@type":"CollectionPage","@id":"https:\/\/www.ivao.sk\/moto\/#CollectionPage","headline":"Moto Category","description":"","url":"https:\/\/www.ivao.sk\/moto\/","hasPart":[{"@type":"Article","@id":"https:\/\/www.ivao.sk\/kolobezky-budu-minulostou\/","headline":"Kolobe\u017eky bud\u00fa minulos\u0165ou","url":"https:\/\/www.ivao.sk\/kolobezky-budu-minulostou\/","datePublished":"2024-02-16","dateModified":"2024-07-16","mainEntityOfPage":"https:\/\/www.ivao.sk\/kolobezky-budu-minulostou\/","author":{"@type":"Person","@id":"https:\/\/www.ivao.sk\/author\/#Person","name":"","url":"https:\/\/www.ivao.sk\/author\/","identifier":1,"image":{"@type":"ImageObject","@id":"https:\/\/secure.gravatar.com\/avatar\/69bd9b72104e3ccfb6214cbd23cb226f96c6ecf33a2a351fa1d4682235118df3?s=96&d=mm&r=g","url":"https:\/\/secure.gravatar.com\/avatar\/69bd9b72104e3ccfb6214cbd23cb226f96c6ecf33a2a351fa1d4682235118df3?s=96&d=mm&r=g","height":96,"width":96}},"publisher":{"@type":"Organization","name":"ivao.sk","logo":{"@type":"ImageObject","@id":"\/logo.png","url":"\/logo.png","width":600,"height":60}},"image":{"@type":"ImageObject","@id":"https:\/\/www.ivao.sk\/wp-content\/uploads\/people-8665132_640.jpg","url":"https:\/\/www.ivao.sk\/wp-content\/uploads\/people-8665132_640.jpg","height":0,"width":0},"keywords":null},{"@type":"Article","@id":"https:\/\/www.ivao.sk\/sloboda-na-dvoch-kolesach-nalozte-si-prilbu-a-caka-vas-nezabudnutelne-dobrodruzstvo\/","headline":"Sloboda na dvoch koles\u00e1ch: Nalo\u017ete si prilbu a \u010dak\u00e1 v\u00e1s nezabudnute\u013en\u00e9 dobrodru\u017estvo!","url":"https:\/\/www.ivao.sk\/sloboda-na-dvoch-kolesach-nalozte-si-prilbu-a-caka-vas-nezabudnutelne-dobrodruzstvo\/","datePublished":"2023-11-26","dateModified":"2024-04-26","mainEntityOfPage":"https:\/\/www.ivao.sk\/sloboda-na-dvoch-kolesach-nalozte-si-prilbu-a-caka-vas-nezabudnutelne-dobrodruzstvo\/","author":{"@type":"Person","@id":"https:\/\/www.ivao.sk\/author\/#Person","name":"","url":"https:\/\/www.ivao.sk\/author\/","identifier":1,"image":{"@type":"ImageObject","@id":"https:\/\/secure.gravatar.com\/avatar\/69bd9b72104e3ccfb6214cbd23cb226f96c6ecf33a2a351fa1d4682235118df3?s=96&d=mm&r=g","url":"https:\/\/secure.gravatar.com\/avatar\/69bd9b72104e3ccfb6214cbd23cb226f96c6ecf33a2a351fa1d4682235118df3?s=96&d=mm&r=g","height":96,"width":96}},"publisher":{"@type":"Organization","name":"ivao.sk","logo":{"@type":"ImageObject","@id":"\/logo.png","url":"\/logo.png","width":600,"height":60}},"image":{"@type":"ImageObject","@id":"https:\/\/www.ivao.sk\/wp-content\/uploads\/moto.jpg","url":"https:\/\/www.ivao.sk\/wp-content\/uploads\/moto.jpg","height":0,"width":0},"keywords":null},{"@type":"Article","@id":"https:\/\/www.ivao.sk\/luxus-pre-podnikatelov\/","headline":"Luxus pre podnikate\u013eov","url":"https:\/\/www.ivao.sk\/luxus-pre-podnikatelov\/","datePublished":"2023-10-22","dateModified":"2023-10-22","mainEntityOfPage":"https:\/\/www.ivao.sk\/luxus-pre-podnikatelov\/","author":{"@type":"Person","@id":"https:\/\/www.ivao.sk\/author\/#Person","name":"","url":"https:\/\/www.ivao.sk\/author\/","identifier":1,"image":{"@type":"ImageObject","@id":"https:\/\/secure.gravatar.com\/avatar\/69bd9b72104e3ccfb6214cbd23cb226f96c6ecf33a2a351fa1d4682235118df3?s=96&d=mm&r=g","url":"https:\/\/secure.gravatar.com\/avatar\/69bd9b72104e3ccfb6214cbd23cb226f96c6ecf33a2a351fa1d4682235118df3?s=96&d=mm&r=g","height":96,"width":96}},"publisher":{"@type":"Organization","name":"ivao.sk","logo":{"@type":"ImageObject","@id":"\/logo.png","url":"\/logo.png","width":600,"height":60}},"image":{"@type":"ImageObject","@id":"https:\/\/www.ivao.sk\/wp-content\/uploads\/limousine-8293652_640.jpg","url":"https:\/\/www.ivao.sk\/wp-content\/uploads\/limousine-8293652_640.jpg","height":0,"width":0},"keywords":null},{"@type":"Article","@id":"https:\/\/www.ivao.sk\/deti-a-elektricke-koloezky\/","headline":"Deti a elektrick\u00e9 koloe\u017eky","url":"https:\/\/www.ivao.sk\/deti-a-elektricke-koloezky\/","datePublished":"2023-09-28","dateModified":"2023-09-28","mainEntityOfPage":"https:\/\/www.ivao.sk\/deti-a-elektricke-koloezky\/","author":{"@type":"Person","@id":"https:\/\/www.ivao.sk\/author\/#Person","name":"","url":"https:\/\/www.ivao.sk\/author\/","identifier":1,"image":{"@type":"ImageObject","@id":"https:\/\/secure.gravatar.com\/avatar\/69bd9b72104e3ccfb6214cbd23cb226f96c6ecf33a2a351fa1d4682235118df3?s=96&d=mm&r=g","url":"https:\/\/secure.gravatar.com\/avatar\/69bd9b72104e3ccfb6214cbd23cb226f96c6ecf33a2a351fa1d4682235118df3?s=96&d=mm&r=g","height":96,"width":96}},"publisher":{"@type":"Organization","name":"ivao.sk","logo":{"@type":"ImageObject","@id":"\/logo.png","url":"\/logo.png","width":600,"height":60}},"image":{"@type":"ImageObject","@id":"https:\/\/www.ivao.sk\/wp-content\/uploads\/electric-scooter-8652595_640_4.jpg","url":"https:\/\/www.ivao.sk\/wp-content\/uploads\/electric-scooter-8652595_640_4.jpg","height":0,"width":0},"keywords":null},{"@type":"Article","@id":"https:\/\/www.ivao.sk\/znacka-bmw\/","headline":"Zna\u010dka BMW","url":"https:\/\/www.ivao.sk\/znacka-bmw\/","datePublished":"2023-09-26","dateModified":"2023-09-26","mainEntityOfPage":"https:\/\/www.ivao.sk\/znacka-bmw\/","author":{"@type":"Person","@id":"https:\/\/www.ivao.sk\/author\/#Person","name":"","url":"https:\/\/www.ivao.sk\/author\/","identifier":1,"image":{"@type":"ImageObject","@id":"https:\/\/secure.gravatar.com\/avatar\/69bd9b72104e3ccfb6214cbd23cb226f96c6ecf33a2a351fa1d4682235118df3?s=96&d=mm&r=g","url":"https:\/\/secure.gravatar.com\/avatar\/69bd9b72104e3ccfb6214cbd23cb226f96c6ecf33a2a351fa1d4682235118df3?s=96&d=mm&r=g","height":96,"width":96}},"publisher":{"@type":"Organization","name":"ivao.sk","logo":{"@type":"ImageObject","@id":"\/logo.png","url":"\/logo.png","width":600,"height":60}},"image":{"@type":"ImageObject","@id":"https:\/\/www.ivao.sk\/wp-content\/uploads\/bmw-2964072_1280_2.jpg","url":"https:\/\/www.ivao.sk\/wp-content\/uploads\/bmw-2964072_1280_2.jpg","height":0,"width":0},"keywords":null}]}